{"id":13431,"date":"2023-12-25T19:27:35","date_gmt":"2023-12-25T18:27:35","guid":{"rendered":"https:\/\/rowerowekujawy.pl\/?p=13431"},"modified":"2023-12-26T08:46:03","modified_gmt":"2023-12-26T08:46:03","slug":"portugalia-lizbona-cz-ii-pieszo-04-2023-13431","status":"publish","type":"post","link":"https:\/\/rowerowekujawy.pl\/en\/portugalia-lizbona-cz-ii-pieszo-04-2023-13431\/","title":{"rendered":"Portugalia, Lizbona cz. I, pieszo (04 2023)"},"content":{"rendered":"","protected":false},"excerpt":{"rendered":"<p>Do wyjazdu przygotowywali\u015bmy si\u0119 z tat\u0105 od kilku tygodni i w ko\u0144cu nadszed\u0142 jego dzie\u0144. Ruszyli\u015bmy rankiem 19 kwietnia 2023 z Ciechocinka. <\/p>","protected":false},"author":1,"featured_media":13410,"comment_status":"open","ping_status":"open","sticky":false,"template":"","format":"standard","meta":{"footnotes":""},"categories":[139,136],"tags":[],"class_list":["post-13431","post","type-post","status-publish","format-standard","has-post-thumbnail","hentry","category-po-europie","category-wycieczki"],"_links":{"self":[{"href":"https:\/\/rowerowekujawy.pl\/en\/wp-json\/wp\/v2\/posts\/13431","targetHints":{"allow":["GET"]}}],"collection":[{"href":"https:\/\/rowerowekujawy.pl\/en\/wp-json\/wp\/v2\/posts"}],"about":[{"href":"https:\/\/rowerowekujawy.pl\/en\/wp-json\/wp\/v2\/types\/post"}],"author":[{"embeddable":true,"href":"https:\/\/rowerowekujawy.pl\/en\/wp-json\/wp\/v2\/users\/1"}],"replies":[{"embeddable":true,"href":"https:\/\/rowerowekujawy.pl\/en\/wp-json\/wp\/v2\/comments?post=13431"}],"version-history":[{"count":2,"href":"https:\/\/rowerowekujawy.pl\/en\/wp-json\/wp\/v2\/posts\/13431\/revisions"}],"predecessor-version":[{"id":13436,"href":"https:\/\/rowerowekujawy.pl\/en\/wp-json\/wp\/v2\/posts\/13431\/revisions\/13436"}],"wp:featuredmedia":[{"embeddable":true,"href":"https:\/\/rowerowekujawy.pl\/en\/wp-json\/wp\/v2\/media\/13410"}],"wp:attachment":[{"href":"https:\/\/rowerowekujawy.pl\/en\/wp-json\/wp\/v2\/media?parent=13431"}],"wp:term":[{"taxonomy":"category","embeddable":true,"href":"https:\/\/rowerowekujawy.pl\/en\/wp-json\/wp\/v2\/categories?post=13431"},{"taxonomy":"post_tag","embeddable":true,"href":"https:\/\/rowerowekujawy.pl\/en\/wp-json\/wp\/v2\/tags?post=13431"}],"curies":[{"name":"wp","href":"https:\/\/api.w.org\/{rel}","templated":true}]}}