{"id":7380,"date":"2022-07-29T09:54:20","date_gmt":"2022-07-29T09:54:20","guid":{"rendered":"https:\/\/rowerowekujawy.pl\/?p=7380"},"modified":"2022-09-28T08:39:34","modified_gmt":"2022-09-28T07:39:34","slug":"niemcy-brandenburgia-szlakiem-palacow-06-2022","status":"publish","type":"post","link":"https:\/\/rowerowekujawy.pl\/en\/niemcy-brandenburgia-szlakiem-palacow-06-2022\/","title":{"rendered":"Niemcy, Brandenburgia, szlakiem pa\u0142ac\u00f3w (06 2022)"},"content":{"rendered":"<figure class=\"wp-block-image size-large\"><img loading=\"lazy\" decoding=\"async\" width=\"1537\" height=\"864\" src=\"http:\/\/rowerowekujawy.pl\/wp-content\/uploads\/2022\/07\/112-Brandenburgia-06-2022-dzien-1-1537x864.jpg\" alt=\"\" class=\"wp-image-7401\" srcset=\"https:\/\/rowerowekujawy.pl\/wp-content\/uploads\/2022\/07\/112-Brandenburgia-06-2022-dzien-1-1537x864.jpg 1537w, https:\/\/rowerowekujawy.pl\/wp-content\/uploads\/2022\/07\/112-Brandenburgia-06-2022-dzien-1-450x253.jpg 450w, https:\/\/rowerowekujawy.pl\/wp-content\/uploads\/2022\/07\/112-Brandenburgia-06-2022-dzien-1-768x432.jpg 768w, https:\/\/rowerowekujawy.pl\/wp-content\/uploads\/2022\/07\/112-Brandenburgia-06-2022-dzien-1-scaled-800x449.jpg 800w, https:\/\/rowerowekujawy.pl\/wp-content\/uploads\/2022\/07\/112-Brandenburgia-06-2022-dzien-1-1536x863.jpg 1536w, https:\/\/rowerowekujawy.pl\/wp-content\/uploads\/2022\/07\/112-Brandenburgia-06-2022-dzien-1-2048x1151.jpg 2048w\" sizes=\"auto, (max-width:767px) 480px, (max-width:1537px) 100vw, 1537px\" \/><\/figure><figure class=\"wp-block-image size-full\"><img loading=\"lazy\" decoding=\"async\" width=\"1324\" height=\"745\" src=\"http:\/\/rowerowekujawy.pl\/wp-content\/uploads\/2022\/07\/001-Brandenburgia-1-06-2022-dzien-1-trasa.jpg\" alt=\"\" class=\"wp-image-7403\" srcset=\"https:\/\/rowerowekujawy.pl\/wp-content\/uploads\/2022\/07\/001-Brandenburgia-1-06-2022-dzien-1-trasa.jpg 1324w, https:\/\/rowerowekujawy.pl\/wp-content\/uploads\/2022\/07\/001-Brandenburgia-1-06-2022-dzien-1-trasa-800x450.jpg 800w, https:\/\/rowerowekujawy.pl\/wp-content\/uploads\/2022\/07\/001-Brandenburgia-1-06-2022-dzien-1-trasa-450x253.jpg 450w, https:\/\/rowerowekujawy.pl\/wp-content\/uploads\/2022\/07\/001-Brandenburgia-1-06-2022-dzien-1-trasa-768x432.jpg 768w\" sizes=\"auto, (max-width:767px) 480px, (max-width:1324px) 100vw, 1324px\" \/><\/figure><hr class=\"wp-block-separator has-text-color has-vivid-green-cyan-color has-alpha-channel-opacity has-vivid-green-cyan-background-color has-background is-style-wide\"\/><p><a rel=\"noreferrer noopener\" href=\"https:\/\/drive.google.com\/file\/d\/1CNeyReoJLDvxpgV4gkYeJWdGfm73jouR\/view?usp=sharing\" data-type=\"URL\" data-id=\"https:\/\/drive.google.com\/file\/d\/1CNeyReoJLDvxpgV4gkYeJWdGfm73jouR\/view?usp=sharing\" target=\"_blank\"><em>Trasa Szlakiem pa\u0142ac\u00f3w Brandenburgii (plik .gpx)<\/em><\/a><\/p><p><a href=\"https:\/\/support.google.com\/mymaps\/answer\/3024836?hl=pl&amp;co=GENIE.Platform=Desktop#zippy=%2Ckrok-zaimportuj-informacje-do-mapy\"><em><sup>Jak otwiera\u0107 plik .gpx w Google Maps<\/sup><\/em><\/a><\/p><hr class=\"wp-block-separator has-text-color has-vivid-green-cyan-color has-alpha-channel-opacity has-vivid-green-cyan-background-color has-background is-style-wide\"\/><p style=\"text-align:justify;\">Wyjazd do Brandenburgii ciekawi\u0142 nas g\u0142\u00f3wnie pod k\u0105tem przygotowania tras rowerowych w by\u0142ych Wschodnich Niemczech. Jak s\u0105 przygotowane i oznaczone w Niemczech Zachodnich &#8211; ju\u017c si\u0119 nazachwycali\u015bmy. Jak wygl\u0105daj\u0105 i si\u0119 rozwijaj\u0105 w Polsce, wiemy. \n<\/br>\n<\/br>\nBrandeburgia zda\u0142a na najlepsz\u0105 ocen\u0119. Jechali\u015bmy szklakiem mieszanym, tzn.  cz\u0119\u015b\u0107 przez \u015bwietnie przygotowane \u015bcie\u017cki rowerowe, cz\u0119\u015b\u0107 polnymi drogami, a cz\u0119\u015b\u0107 po lokalnych drogach. Blisko 100 km trasa okaza\u0142a si\u0119 czyst\u0105 przyjemno\u015bci\u0105. Niekt\u00f3re odcinki, szczeg\u00f3lnie te asfaltowe, nie by\u0142y pierwszej m\u0142odo\u015bci. Powoli wymagaj\u0105 renowacji ze wzgl\u0119du na pofa\u0142dowanie, prawdopodobnie od korzeni drzew.  Ale daleko im do rowerowej uci\u0105\u017cliwo\u015bci. Wytyczenie tras, oznakowanie, separacja od ruchu samochodowego, miejsca postojowe w ciekawych punktach, nawierzchnia, informacja na stronach www \u2013 s\u0105 kapitalnie przygotowane i \u015bwiadcz\u0105 o holistycznym podej\u015bciu Niemc\u00f3w do tematu.  Tego ca\u0142o\u015bciowego spojrzenia, technicznej rzetelno\u015bci i naturalnej estetyki niestety w Polsce mocno mi brakuje, nierzadko nawet w nowych inwestycjach rowerowych \ud83d\ude15.\n<\/br>\n<\/br>\nFajnym przyk\u0142adem niech b\u0119dzie tu stara droga z kocich \u0142b\u00f3w, b\u0119d\u0105ca cz\u0119\u015bci\u0105 szlaku rowerowego, \u0142\u0105cz\u0105ca 2 brandeburskie wioski. Bardzo nieprzyjemna do jazdy rowerem, szczeg\u00f3lnie z sakwami. Znaleziono tu proste rozwi\u0105zanie, kt\u00f3re pozwoli\u0142o zachowa\u0107 historyczn\u0105 nawierzchni\u0119, jej estetyk\u0119 i komfort rowerzyst\u00f3w: pasek z r\u00f3wno u\u0142o\u017conego polbruku (kostki) przylegaj\u0105cy do jednej strony kocich \u0142b\u00f3w. Genialne w swojej prostocie, a jak\u017ce funkcjonalne.\n<\/p><figure class=\"wp-block-image size-large\"><img loading=\"lazy\" decoding=\"async\" width=\"1537\" height=\"865\" src=\"http:\/\/rowerowekujawy.pl\/wp-content\/uploads\/2022\/07\/151-Brandenburgia-06-2022-dzien-1-1537x865.jpg\" alt=\"\" class=\"wp-image-7392\" srcset=\"https:\/\/rowerowekujawy.pl\/wp-content\/uploads\/2022\/07\/151-Brandenburgia-06-2022-dzien-1-1537x865.jpg 1537w, https:\/\/rowerowekujawy.pl\/wp-content\/uploads\/2022\/07\/151-Brandenburgia-06-2022-dzien-1-scaled-800x450.jpg 800w, https:\/\/rowerowekujawy.pl\/wp-content\/uploads\/2022\/07\/151-Brandenburgia-06-2022-dzien-1-450x253.jpg 450w, https:\/\/rowerowekujawy.pl\/wp-content\/uploads\/2022\/07\/151-Brandenburgia-06-2022-dzien-1-768x432.jpg 768w, https:\/\/rowerowekujawy.pl\/wp-content\/uploads\/2022\/07\/151-Brandenburgia-06-2022-dzien-1-1536x864.jpg 1536w, https:\/\/rowerowekujawy.pl\/wp-content\/uploads\/2022\/07\/151-Brandenburgia-06-2022-dzien-1-2048x1152.jpg 2048w\" sizes=\"auto, (max-width:767px) 480px, (max-width:1537px) 100vw, 1537px\" \/><\/figure><p style=\"text-align:justify;\">Ten wycieczkowy dzie\u0144 od pocz\u0105tku obfitowa\u0142 w spotkania z dzikimi zwierz\u0119tami. Napotkali\u015bmy szopa, lisa, daniele i \u017curawie. Trzeba mie\u0107 nie lada refleks i sporo szcz\u0119\u015bcia, \u017ceby dzikie zwierz\u0119 uchwyci\u0107 w obiektyw aparatu.<\/p><figure class=\"wp-block-image size-large\"><img loading=\"lazy\" decoding=\"async\" width=\"1537\" height=\"865\" src=\"http:\/\/rowerowekujawy.pl\/wp-content\/uploads\/2022\/07\/103-Brandenburgia-06-2022-dzien-1-1537x865.jpg\" alt=\"\" class=\"wp-image-7397\" srcset=\"https:\/\/rowerowekujawy.pl\/wp-content\/uploads\/2022\/07\/103-Brandenburgia-06-2022-dzien-1-1537x865.jpg 1537w, https:\/\/rowerowekujawy.pl\/wp-content\/uploads\/2022\/07\/103-Brandenburgia-06-2022-dzien-1-scaled-800x450.jpg 800w, https:\/\/rowerowekujawy.pl\/wp-content\/uploads\/2022\/07\/103-Brandenburgia-06-2022-dzien-1-450x253.jpg 450w, https:\/\/rowerowekujawy.pl\/wp-content\/uploads\/2022\/07\/103-Brandenburgia-06-2022-dzien-1-768x432.jpg 768w, https:\/\/rowerowekujawy.pl\/wp-content\/uploads\/2022\/07\/103-Brandenburgia-06-2022-dzien-1-1536x864.jpg 1536w, https:\/\/rowerowekujawy.pl\/wp-content\/uploads\/2022\/07\/103-Brandenburgia-06-2022-dzien-1-2048x1152.jpg 2048w\" sizes=\"auto, (max-width:767px) 480px, (max-width:1537px) 100vw, 1537px\" \/><\/figure><p style=\"text-align:justify;\">Drugi aspekt, kt\u00f3rym si\u0119 delektowali\u015bmy, to estetyka niemieckich wiosek. Troch\u0119 wida\u0107, \u017ce nie jest to poziom wykochania posiad\u0142o\u015bci rodak\u00f3w z zachodniej cz\u0119\u015bci kraju. Ale jest bardzo czysto, trawniki przystrzy\u017cone, domy s\u0105 w podobnym stylu, drogi i chodniki r\u00f3wne, ogrodzenia raczej niskie, zadbane ogrody.<\/p><figure class=\"wp-block-image size-large\"><img loading=\"lazy\" decoding=\"async\" width=\"1537\" height=\"865\" src=\"http:\/\/rowerowekujawy.pl\/wp-content\/uploads\/2022\/07\/129-Brandenburgia-06-2022-dzien-1-1537x865.jpg\" alt=\"\" class=\"wp-image-7379\" srcset=\"https:\/\/rowerowekujawy.pl\/wp-content\/uploads\/2022\/07\/129-Brandenburgia-06-2022-dzien-1-1537x865.jpg 1537w, https:\/\/rowerowekujawy.pl\/wp-content\/uploads\/2022\/07\/129-Brandenburgia-06-2022-dzien-1-scaled-800x450.jpg 800w, https:\/\/rowerowekujawy.pl\/wp-content\/uploads\/2022\/07\/129-Brandenburgia-06-2022-dzien-1-450x253.jpg 450w, https:\/\/rowerowekujawy.pl\/wp-content\/uploads\/2022\/07\/129-Brandenburgia-06-2022-dzien-1-768x432.jpg 768w, https:\/\/rowerowekujawy.pl\/wp-content\/uploads\/2022\/07\/129-Brandenburgia-06-2022-dzien-1-1536x865.jpg 1536w, https:\/\/rowerowekujawy.pl\/wp-content\/uploads\/2022\/07\/129-Brandenburgia-06-2022-dzien-1-2048x1153.jpg 2048w\" sizes=\"auto, (max-width:767px) 480px, (max-width:1537px) 100vw, 1537px\" \/><\/figure><figure class=\"wp-block-image size-large\"><img loading=\"lazy\" decoding=\"async\" width=\"1537\" height=\"864\" src=\"http:\/\/rowerowekujawy.pl\/wp-content\/uploads\/2022\/07\/154-Brandenburgia-06-2022-dzien-1-1537x864.jpg\" alt=\"\" class=\"wp-image-7394\" srcset=\"https:\/\/rowerowekujawy.pl\/wp-content\/uploads\/2022\/07\/154-Brandenburgia-06-2022-dzien-1-1537x864.jpg 1537w, https:\/\/rowerowekujawy.pl\/wp-content\/uploads\/2022\/07\/154-Brandenburgia-06-2022-dzien-1-scaled-800x450.jpg 800w, https:\/\/rowerowekujawy.pl\/wp-content\/uploads\/2022\/07\/154-Brandenburgia-06-2022-dzien-1-450x253.jpg 450w, https:\/\/rowerowekujawy.pl\/wp-content\/uploads\/2022\/07\/154-Brandenburgia-06-2022-dzien-1-768x432.jpg 768w, https:\/\/rowerowekujawy.pl\/wp-content\/uploads\/2022\/07\/154-Brandenburgia-06-2022-dzien-1-1536x863.jpg 1536w, https:\/\/rowerowekujawy.pl\/wp-content\/uploads\/2022\/07\/154-Brandenburgia-06-2022-dzien-1-2048x1151.jpg 2048w\" sizes=\"auto, (max-width:767px) 480px, (max-width:1537px) 100vw, 1537px\" \/><\/figure><p style=\"text-align:justify;\">Przede wszystkim nie ma tych za\u015bmiecaj\u0105cych krajobraz, wielokolorowych, bazarowych reklam na p\u0142otach, domach i gdzie tam jeszcze da si\u0119 je wcisn\u0105\u0107 \ud83e\udd2c. Jak niestety u nas, w tym r\u00f3wnie\u017c w naszym zielonym uzdrowisku \ud83d\ude15.\n<\/p><figure class=\"wp-block-image size-large\"><img loading=\"lazy\" decoding=\"async\" width=\"1537\" height=\"864\" src=\"http:\/\/rowerowekujawy.pl\/wp-content\/uploads\/2022\/07\/118-Brandenburgia-06-2022-dzien-1-1537x864.jpg\" alt=\"\" class=\"wp-image-7369\" srcset=\"https:\/\/rowerowekujawy.pl\/wp-content\/uploads\/2022\/07\/118-Brandenburgia-06-2022-dzien-1-1537x864.jpg 1537w, https:\/\/rowerowekujawy.pl\/wp-content\/uploads\/2022\/07\/118-Brandenburgia-06-2022-dzien-1-scaled-800x450.jpg 800w, https:\/\/rowerowekujawy.pl\/wp-content\/uploads\/2022\/07\/118-Brandenburgia-06-2022-dzien-1-450x253.jpg 450w, https:\/\/rowerowekujawy.pl\/wp-content\/uploads\/2022\/07\/118-Brandenburgia-06-2022-dzien-1-768x432.jpg 768w, https:\/\/rowerowekujawy.pl\/wp-content\/uploads\/2022\/07\/118-Brandenburgia-06-2022-dzien-1-1536x864.jpg 1536w, https:\/\/rowerowekujawy.pl\/wp-content\/uploads\/2022\/07\/118-Brandenburgia-06-2022-dzien-1-2048x1152.jpg 2048w\" sizes=\"auto, (max-width:767px) 480px, (max-width:1537px) 100vw, 1537px\" \/><\/figure><figure class=\"wp-block-image size-large\"><img loading=\"lazy\" decoding=\"async\" width=\"1537\" height=\"864\" src=\"http:\/\/rowerowekujawy.pl\/wp-content\/uploads\/2022\/07\/116-Brandenburgia-06-2022-dzien-1-1537x864.jpg\" alt=\"\" class=\"wp-image-7420\" srcset=\"https:\/\/rowerowekujawy.pl\/wp-content\/uploads\/2022\/07\/116-Brandenburgia-06-2022-dzien-1-1537x864.jpg 1537w, https:\/\/rowerowekujawy.pl\/wp-content\/uploads\/2022\/07\/116-Brandenburgia-06-2022-dzien-1-scaled-800x450.jpg 800w, https:\/\/rowerowekujawy.pl\/wp-content\/uploads\/2022\/07\/116-Brandenburgia-06-2022-dzien-1-450x253.jpg 450w, https:\/\/rowerowekujawy.pl\/wp-content\/uploads\/2022\/07\/116-Brandenburgia-06-2022-dzien-1-768x432.jpg 768w, https:\/\/rowerowekujawy.pl\/wp-content\/uploads\/2022\/07\/116-Brandenburgia-06-2022-dzien-1-1536x863.jpg 1536w, https:\/\/rowerowekujawy.pl\/wp-content\/uploads\/2022\/07\/116-Brandenburgia-06-2022-dzien-1-2048x1151.jpg 2048w\" sizes=\"auto, (max-width:767px) 480px, (max-width:1537px) 100vw, 1537px\" \/><\/figure><p style=\"text-align:justify;\">Trzeci to pa\u0142ace. Cz\u0119\u015b\u0107 funkcjonuje jako hotele, restauracje czy miejsca fundacji rozwijaj\u0105cych spo\u0142ecze\u0144stwo obywatelskie. W pewnym momencie niespodziewanie potrzebowali\u015bmy lek\u00f3w przeciwb\u00f3lowych. By\u0142a niedziela, wi\u0119c apteki by\u0142y nieczynne. Postanowili\u015bmy prosi\u0107 o nie mieszka\u0144c\u00f3w mijanych miejscowo\u015bci. Po kilku nieudanych pr\u00f3bach trafili\u015bmy do pa\u0142acu, gdzie Polka, Beata, prowadzi\u0142a warsztaty. Jako freelancer choreograf i re\u017cyser, na codzie\u0144 pracuj\u0105ca w Berlinie, raz na jaki\u015b czas, dla higieny ducha, wyje\u017cd\u017ca na wie\u015b i prowadzi zaj\u0119cia z malarstwa, rze\u017abiarstwa, komunikacji czy wiedzy o spo\u0142ecze\u0144stwie. Zapytali\u015bmy, dlaczego z takim pomys\u0142em na \u017cycie wyjecha\u0142a z Polski. Okaza\u0142o si\u0119, \u017ce u nas nie mog\u0142aby sobie pozwoli\u0107 na takie funkcjonowanie ze wzgl\u0119du na znacznie mniejszy bud\u017cet na kultur\u0119, prac\u0119 tylko na umow\u0119 o dzie\u0142o (tam istnieje specjalny typ umowy o prac\u0119 dla artyst\u00f3w, kt\u00f3ry daje podstawy bezpiecze\u0144stwa finansowego) i brak ubezpieczenia spo\u0142ecznego. M.in. dzi\u0119ki takim og\u00f3lnie dost\u0119pnym warsztatom \u015bwiadomo\u015b\u0107 przeci\u0119tnego Niemca o funkcjonowaniu pa\u0144stwa, gospodarki i ca\u0142ego spo\u0142ecze\u0144stwa jest na wysokim poziomie.<\/p><figure class=\"wp-block-image size-large\"><img loading=\"lazy\" decoding=\"async\" width=\"1537\" height=\"863\" src=\"http:\/\/rowerowekujawy.pl\/wp-content\/uploads\/2022\/07\/148-Brandenburgia-06-2022-dzien-1-1537x863.jpg\" alt=\"\" class=\"wp-image-7389\" srcset=\"https:\/\/rowerowekujawy.pl\/wp-content\/uploads\/2022\/07\/148-Brandenburgia-06-2022-dzien-1-1537x863.jpg 1537w, https:\/\/rowerowekujawy.pl\/wp-content\/uploads\/2022\/07\/148-Brandenburgia-06-2022-dzien-1-scaled-800x449.jpg 800w, https:\/\/rowerowekujawy.pl\/wp-content\/uploads\/2022\/07\/148-Brandenburgia-06-2022-dzien-1-450x253.jpg 450w, https:\/\/rowerowekujawy.pl\/wp-content\/uploads\/2022\/07\/148-Brandenburgia-06-2022-dzien-1-768x431.jpg 768w, https:\/\/rowerowekujawy.pl\/wp-content\/uploads\/2022\/07\/148-Brandenburgia-06-2022-dzien-1-1536x863.jpg 1536w, https:\/\/rowerowekujawy.pl\/wp-content\/uploads\/2022\/07\/148-Brandenburgia-06-2022-dzien-1-2048x1150.jpg 2048w\" sizes=\"auto, (max-width:767px) 480px, (max-width:1537px) 100vw, 1537px\" \/><\/figure><p style=\"text-align:justify;\">Kilka pa\u0142ac\u00f3w na naszym szlaku by\u0142o opuszczonych i nie by\u0142o mo\u017cliwo\u015bci ich zwiedzi\u0107. Pomimo tego ich stan techniczny i wizualny jest zaskakuj\u0105co dobry.<\/p><figure class=\"wp-block-image size-large\"><img loading=\"lazy\" decoding=\"async\" width=\"1537\" height=\"868\" src=\"http:\/\/rowerowekujawy.pl\/wp-content\/uploads\/2022\/07\/135-Brandenburgia-06-2022-dzien-1-1537x868.jpg\" alt=\"\" class=\"wp-image-7384\" srcset=\"https:\/\/rowerowekujawy.pl\/wp-content\/uploads\/2022\/07\/135-Brandenburgia-06-2022-dzien-1-1537x868.jpg 1537w, https:\/\/rowerowekujawy.pl\/wp-content\/uploads\/2022\/07\/135-Brandenburgia-06-2022-dzien-1-scaled-800x452.jpg 800w, https:\/\/rowerowekujawy.pl\/wp-content\/uploads\/2022\/07\/135-Brandenburgia-06-2022-dzien-1-225x127.jpg 225w, https:\/\/rowerowekujawy.pl\/wp-content\/uploads\/2022\/07\/135-Brandenburgia-06-2022-dzien-1-768x434.jpg 768w, https:\/\/rowerowekujawy.pl\/wp-content\/uploads\/2022\/07\/135-Brandenburgia-06-2022-dzien-1-260x146.jpg 260w, https:\/\/rowerowekujawy.pl\/wp-content\/uploads\/2022\/07\/135-Brandenburgia-06-2022-dzien-1-450x254.jpg 450w\" sizes=\"auto, (max-width:767px) 480px, (max-width:1537px) 100vw, 1537px\" \/><\/figure><p style=\"text-align:justify;\">W niewielkiej wiosce trafili\u015bmy na klimatyczn\u0105 kawiarnio-lodziarni\u0119.<\/p><figure class=\"wp-block-image size-large\"><img loading=\"lazy\" decoding=\"async\" width=\"1537\" height=\"864\" src=\"http:\/\/rowerowekujawy.pl\/wp-content\/uploads\/2022\/07\/121-Brandenburgia-06-2022-dzien-1-1537x864.jpg\" alt=\"\" class=\"wp-image-7372\" srcset=\"https:\/\/rowerowekujawy.pl\/wp-content\/uploads\/2022\/07\/121-Brandenburgia-06-2022-dzien-1-1537x864.jpg 1537w, https:\/\/rowerowekujawy.pl\/wp-content\/uploads\/2022\/07\/121-Brandenburgia-06-2022-dzien-1-scaled-800x450.jpg 800w, https:\/\/rowerowekujawy.pl\/wp-content\/uploads\/2022\/07\/121-Brandenburgia-06-2022-dzien-1-450x253.jpg 450w, https:\/\/rowerowekujawy.pl\/wp-content\/uploads\/2022\/07\/121-Brandenburgia-06-2022-dzien-1-768x432.jpg 768w, https:\/\/rowerowekujawy.pl\/wp-content\/uploads\/2022\/07\/121-Brandenburgia-06-2022-dzien-1-1536x864.jpg 1536w, https:\/\/rowerowekujawy.pl\/wp-content\/uploads\/2022\/07\/121-Brandenburgia-06-2022-dzien-1-2048x1152.jpg 2048w\" sizes=\"auto, (max-width:767px) 480px, (max-width:1537px) 100vw, 1537px\" \/><\/figure><p style=\"text-align:justify;\">Oczywi\u015bcie nie omieszkali\u015bmy skosztowa\u0107 specja\u0142\u00f3w lokalnych cukiernik\u00f3w, popijaj\u0105c je aromatyczn\u0105 kaw\u0105. Raczyli\u015bmy si\u0119 nimi pod parasolem w kawiarnianym ogrodzie. <\/p><figure class=\"wp-block-image size-large\"><img loading=\"lazy\" decoding=\"async\" width=\"1537\" height=\"865\" src=\"http:\/\/rowerowekujawy.pl\/wp-content\/uploads\/2022\/07\/125-Brandenburgia-06-2022-dzien-1-1537x865.jpg\" alt=\"\" class=\"wp-image-7374\" srcset=\"https:\/\/rowerowekujawy.pl\/wp-content\/uploads\/2022\/07\/125-Brandenburgia-06-2022-dzien-1-1537x865.jpg 1537w, https:\/\/rowerowekujawy.pl\/wp-content\/uploads\/2022\/07\/125-Brandenburgia-06-2022-dzien-1-scaled-800x450.jpg 800w, https:\/\/rowerowekujawy.pl\/wp-content\/uploads\/2022\/07\/125-Brandenburgia-06-2022-dzien-1-450x253.jpg 450w, https:\/\/rowerowekujawy.pl\/wp-content\/uploads\/2022\/07\/125-Brandenburgia-06-2022-dzien-1-768x432.jpg 768w, https:\/\/rowerowekujawy.pl\/wp-content\/uploads\/2022\/07\/125-Brandenburgia-06-2022-dzien-1-1536x865.jpg 1536w, https:\/\/rowerowekujawy.pl\/wp-content\/uploads\/2022\/07\/125-Brandenburgia-06-2022-dzien-1-2048x1153.jpg 2048w\" sizes=\"auto, (max-width:767px) 480px, (max-width:1537px) 100vw, 1537px\" \/><\/figure><p style=\"text-align: justify;\">Balkon budynku kawiarni zdobi\u0142y pere\u0142ki domowego majsterkowicza. Patrz\u0105c na te karmniki, nie spos\u00f3b si\u0119 nie u\u015bmiechn\u0105\u0107. Ciekawe, czy ptasi go\u015bcie te\u017c doceniaj\u0105 urod\u0119 tych uroczych jad\u0142odajni?<\/p><figure class=\"wp-block-image size-large\"><img loading=\"lazy\" decoding=\"async\" width=\"1537\" height=\"865\" src=\"http:\/\/rowerowekujawy.pl\/wp-content\/uploads\/2022\/07\/122-Brandenburgia-06-2022-dzien-1-1537x865.jpg\" alt=\"\" class=\"wp-image-7373\" srcset=\"https:\/\/rowerowekujawy.pl\/wp-content\/uploads\/2022\/07\/122-Brandenburgia-06-2022-dzien-1-1537x865.jpg 1537w, https:\/\/rowerowekujawy.pl\/wp-content\/uploads\/2022\/07\/122-Brandenburgia-06-2022-dzien-1-scaled-800x450.jpg 800w, https:\/\/rowerowekujawy.pl\/wp-content\/uploads\/2022\/07\/122-Brandenburgia-06-2022-dzien-1-450x253.jpg 450w, https:\/\/rowerowekujawy.pl\/wp-content\/uploads\/2022\/07\/122-Brandenburgia-06-2022-dzien-1-768x432.jpg 768w, https:\/\/rowerowekujawy.pl\/wp-content\/uploads\/2022\/07\/122-Brandenburgia-06-2022-dzien-1-1536x865.jpg 1536w, https:\/\/rowerowekujawy.pl\/wp-content\/uploads\/2022\/07\/122-Brandenburgia-06-2022-dzien-1-2048x1153.jpg 2048w\" sizes=\"auto, (max-width:767px) 480px, (max-width:1537px) 100vw, 1537px\" \/><\/figure><p style=\"text-align:justify;\">Powszechnie wiemy, \u017ce w Niemczech aktywnych rowerzyst\u00f3w jest znacznie wi\u0119cej ni\u017c u nas, co wida\u0107 na szlakach. R\u00f3wno z nami podjecha\u0142y 2 kobietki na rowerach elektrycznych, w wieku ok. 30 i 50 lat. Wida\u0107 by\u0142o, \u017ce s\u0105 na d\u0142u\u017cszej wycieczce. Okaza\u0142o si\u0119, \u017ce m\u0142odsza jest w oko\u0142o 5-6-tym miesi\u0105cu ci\u0105\u017cy. \n<\/br>\n<\/br>\nZwr\u00f3cili\u015bmy uwag\u0119 na to, \u017ce w tak niewielkiej wioseczce w\u0142a\u015bciciele byli dobrze przygotowani na ewentualn\u0105 inwazj\u0119 rowerowych turyst\u00f3w. Po drugiej stronie drogi, na trawniku, postawiono wiaty z \u0142awkami, gdzie  w cieniu mo\u017cna usi\u0105\u015b\u0107, wypi\u0107 kaw\u0119 i zje\u015b\u0107 lody. O dodatkowych stojakach na rowery nie zapomniano \ud83d\ude42.<\/p><figure class=\"wp-block-image size-large\"><img loading=\"lazy\" decoding=\"async\" width=\"1537\" height=\"865\" src=\"http:\/\/rowerowekujawy.pl\/wp-content\/uploads\/2022\/07\/126-Brandenburgia-06-2022-dzien-1-1537x865.jpg\" alt=\"\" class=\"wp-image-7375\" srcset=\"https:\/\/rowerowekujawy.pl\/wp-content\/uploads\/2022\/07\/126-Brandenburgia-06-2022-dzien-1-1537x865.jpg 1537w, https:\/\/rowerowekujawy.pl\/wp-content\/uploads\/2022\/07\/126-Brandenburgia-06-2022-dzien-1-scaled-800x450.jpg 800w, https:\/\/rowerowekujawy.pl\/wp-content\/uploads\/2022\/07\/126-Brandenburgia-06-2022-dzien-1-450x253.jpg 450w, https:\/\/rowerowekujawy.pl\/wp-content\/uploads\/2022\/07\/126-Brandenburgia-06-2022-dzien-1-768x432.jpg 768w, https:\/\/rowerowekujawy.pl\/wp-content\/uploads\/2022\/07\/126-Brandenburgia-06-2022-dzien-1-1536x865.jpg 1536w, https:\/\/rowerowekujawy.pl\/wp-content\/uploads\/2022\/07\/126-Brandenburgia-06-2022-dzien-1-2048x1153.jpg 2048w\" sizes=\"auto, (max-width:767px) 480px, (max-width:1537px) 100vw, 1537px\" \/><\/figure><p style=\"text-align:justify;\">Ostatni aspekt to powszechny u\u015bmiech mijanych rowerzyst\u00f3w, uprzejmo\u015b\u0107 i powszechne tutaj rowerowe pozdrowienia \ud83d\ude42. Pozdrowienie tsch\u00fcss wypowiadali\u015bmy z u\u015bmiechem wielokrotnie tego dnia.\n<\/br>\n<\/br>\nByli\u015bmy zauroczeni tyloma miejscami, \u017ce troch\u0119 zabajdurzyli\u015bmy i ostatni\u0105 cz\u0119\u015b\u0107 trasy jechali\u015bmy po zmroku. Tak wysz\u0142o, \u017ce nocn\u0105 por\u0105 musieli\u015bmy jecha\u0107 w lesie, po niezbyt ucz\u0119szczanej i piaszczystej \u015bcie\u017cce, z ga\u0142\u0119ziami w jej \u015bwietle i pe\u0142nej paj\u0119czyn. By\u0142 to z pewno\u015bci\u0105 najbardziej uci\u0105\u017cliwy odcinek tego dnia. Sam las by\u0142 stary, g\u0119sty i ciemny. Dobre o\u015bwietlenie bardzo si\u0119 przyda\u0142o. Zastanawia\u0142em si\u0119, czy spotkamy wi\u0119ksz\u0105 le\u015bn\u0105 zwierzyn\u0119, nas\u0142uchiwa\u0142em wi\u0119c dzik\u00f3w, kt\u00f3re podra\u017cnione mog\u0105 by\u0107 niebezpieczne.\n<\/br>\n<\/br>\nNocny las najwyra\u017aniej wyrzuci\u0142 Zo\u015bk\u0119 z jej strefy komfortu. Tak wymy\u015blnych mod\u0142\u00f3w, pr\u00f3\u015bb nie wiadomo do kogo, psalm\u00f3w, obietnic, wyzna\u0144 mi\u0142o\u015bci mamie &#8211; nie s\u0142ysza\u0142em chyba nigdy. Gdyby towarzyszy\u0142 nam \u015bredniowieczny kronikarz ko\u015bcielny, z pewno\u015bci\u0105 mia\u0142by materia\u0142 na jedn\u0105 z najbardziej \u017carliwych modlitw.\n<\/br>\n<\/br>\nMi z kolei po przekroczeniu 75 km zacz\u0119\u0142o nagle mocno doskwiera\u0107 \u201esiedzenie\u201d. Musia\u0142em zatrzymywa\u0107 si\u0119 co kilka kilometr\u00f3w, bo mia\u0142em uczucie, \u017ce wypali mnie do samej miednicy.\n<\/br>\n<\/br>\nKr\u00f3tko po p\u00f3\u0142nocy dotarli\u015bmy na parking, gdzie rano zostawili\u015bmy nasze auto. Tego dnia zrobili\u015bmy prawie 100 km, co jest kolejnym rowerowym rekordem dziewczyn.\n<\/p><figure class=\"wp-block-image size-large\"><img loading=\"lazy\" decoding=\"async\" width=\"1537\" height=\"864\" src=\"http:\/\/rowerowekujawy.pl\/wp-content\/uploads\/2022\/07\/101-Brandenburgia-06-2022-dzien-1-1537x864.jpg\" alt=\"\" class=\"wp-image-7438\" srcset=\"https:\/\/rowerowekujawy.pl\/wp-content\/uploads\/2022\/07\/101-Brandenburgia-06-2022-dzien-1-1537x864.jpg 1537w, https:\/\/rowerowekujawy.pl\/wp-content\/uploads\/2022\/07\/101-Brandenburgia-06-2022-dzien-1-scaled-800x450.jpg 800w, https:\/\/rowerowekujawy.pl\/wp-content\/uploads\/2022\/07\/101-Brandenburgia-06-2022-dzien-1-450x253.jpg 450w, https:\/\/rowerowekujawy.pl\/wp-content\/uploads\/2022\/07\/101-Brandenburgia-06-2022-dzien-1-768x432.jpg 768w, https:\/\/rowerowekujawy.pl\/wp-content\/uploads\/2022\/07\/101-Brandenburgia-06-2022-dzien-1-1536x864.jpg 1536w, https:\/\/rowerowekujawy.pl\/wp-content\/uploads\/2022\/07\/101-Brandenburgia-06-2022-dzien-1-2048x1152.jpg 2048w\" sizes=\"auto, (max-width:767px) 480px, (max-width:1537px) 100vw, 1537px\" \/><\/figure><p><\/p><p style=\"text-align:justify;\">\nTo na tyle z tej cz\u0119\u015bci brandeburskiej wycieczki. Z niecierpliwo\u015bci\u0105 czekali\u015bmy na kolejny rowerowy dzie\u0144.\n<\/p><hr class=\"wp-block-separator has-text-color has-vivid-green-cyan-color has-alpha-channel-opacity has-vivid-green-cyan-background-color has-background is-style-wide\"\/><p class=\"has-black-color has-text-color\"><strong>Galeria wycieczki<\/strong><\/p>","protected":false},"excerpt":{"rendered":"<p>Trasa Szlakiem pa\u0142ac\u00f3w Brandenburgii (plik .gpx) Jak otwiera\u0107 plik .gpx w Google Maps Wyjazd do Brandenburgii ciekawi\u0142 nas g\u0142\u00f3wnie pod k\u0105tem przygotowania tras rowerowych w by\u0142ych<span class=\"excerpt-hellip\"> [\u2026]<\/span><\/p>\n","protected":false},"author":1,"featured_media":7401,"comment_status":"open","ping_status":"open","sticky":false,"template":"","format":"standard","meta":{"footnotes":""},"categories":[139],"tags":[],"class_list":["post-7380","post","type-post","status-publish","format-standard","has-post-thumbnail","hentry","category-po-europie"],"_links":{"self":[{"href":"https:\/\/rowerowekujawy.pl\/en\/wp-json\/wp\/v2\/posts\/7380","targetHints":{"allow":["GET"]}}],"collection":[{"href":"https:\/\/rowerowekujawy.pl\/en\/wp-json\/wp\/v2\/posts"}],"about":[{"href":"https:\/\/rowerowekujawy.pl\/en\/wp-json\/wp\/v2\/types\/post"}],"author":[{"embeddable":true,"href":"https:\/\/rowerowekujawy.pl\/en\/wp-json\/wp\/v2\/users\/1"}],"replies":[{"embeddable":true,"href":"https:\/\/rowerowekujawy.pl\/en\/wp-json\/wp\/v2\/comments?post=7380"}],"version-history":[{"count":50,"href":"https:\/\/rowerowekujawy.pl\/en\/wp-json\/wp\/v2\/posts\/7380\/revisions"}],"predecessor-version":[{"id":9150,"href":"https:\/\/rowerowekujawy.pl\/en\/wp-json\/wp\/v2\/posts\/7380\/revisions\/9150"}],"wp:featuredmedia":[{"embeddable":true,"href":"https:\/\/rowerowekujawy.pl\/en\/wp-json\/wp\/v2\/media\/7401"}],"wp:attachment":[{"href":"https:\/\/rowerowekujawy.pl\/en\/wp-json\/wp\/v2\/media?parent=7380"}],"wp:term":[{"taxonomy":"category","embeddable":true,"href":"https:\/\/rowerowekujawy.pl\/en\/wp-json\/wp\/v2\/categories?post=7380"},{"taxonomy":"post_tag","embeddable":true,"href":"https:\/\/rowerowekujawy.pl\/en\/wp-json\/wp\/v2\/tags?post=7380"}],"curies":[{"name":"wp","href":"https:\/\/api.w.org\/{rel}","templated":true}]}}